{"id":16230,"date":"2023-10-31T09:01:11","date_gmt":"2023-10-31T08:01:11","guid":{"rendered":"https:\/\/eterle.cz\/eshop\/?p=16230"},"modified":"2025-05-17T04:17:43","modified_gmt":"2025-05-17T02:17:43","slug":"styl-brusel-2","status":"publish","type":"post","link":"https:\/\/eterle.cz\/eshop\/historie-znacek\/styl-brusel-2\/","title":{"rendered":"Styl brusel"},"content":{"rendered":"<p>Jedn\u00edm z nejv\u00fdrazn\u011bj\u0161\u00edch retrostyl\u016f je bezesporu design a architektura poloviny minul\u00e9ho stolet\u00ed u n\u00e1s ozna\u010dovan\u00fd pojmem \u201eBruselsk\u00fd styl\u201c \u010di jen kr\u00e1tce \u201eBrusel\u201c, odvozen\u00fdm od fascinuj\u00edc\u00ed sv\u011btov\u00e9 v\u00fdstavy Expo 58 v Bruselu, na n\u00ed\u017e \u010deskoslovensk\u00e1 expozice zaz\u00e1\u0159ila. Sou\u010dasn\u00e1 obl\u00edbenost Bruselsk\u00e9ho stylu mo\u017en\u00e1 souvis\u00ed tak\u00e9 s dne\u0161n\u00ed n\u00e1ladou podobn\u00e9 t\u00e9, jak\u00e1 vl\u00e1dla v dob\u011b jeho vzniku &#8211; cel\u00fdm sv\u011btem tehdy proch\u00e1zel intenzivn\u00ed pocit nutnosti zm\u011bny \u017eivotn\u00edho stylu, touhy po nov\u00e9m, mlad\u00e9m v\u00fdrazu. Brusel lze ozna\u010dit jako m\u011bkk\u00fd modernismus, v n\u011bm\u017e se v\u00fdrazn\u011b uplat\u0148uje v\u00fdtvarno. Jsou pro n\u011bj charakteristick\u00e9 geometrick\u00e9 (typick\u00fd je nap\u0159\u00edklad lichob\u011b\u017en\u00edk \u010di spleti \u010dar), obl\u00e9, ledvinovit\u00e9 a kapkovit\u00e9 tvary, asymetrie, pastelov\u00e9 barvy &#8211; odst\u00edny \u017elut\u00e9, modr\u00e9, \u0161ed\u00e9, hr\u00e1\u0161kov\u011b zelen\u00e9 \u010di fialov\u00e9 a kontrast velk\u00fdch barevn\u00fdch ploch s lini\u00ed a strukturou. Bruselsk\u00fd design se uplatnil ve v\u0161ech oblastech ka\u017edodenn\u00edho \u017eivota.<\/p>\n","protected":false},"excerpt":{"rendered":"<p>Jedn\u00edm z nejv\u00fdrazn\u011bj\u0161\u00edch retrostyl\u016f je bezesporu design a architektura poloviny minul\u00e9ho stolet\u00ed u n\u00e1s ozna\u010dovan\u00fd pojmem \u201eBruselsk\u00fd styl\u201c \u010di jen<\/p>\n","protected":false},"author":95,"featured_media":17514,"comment_status":"closed","ping_status":"closed","sticky":false,"template":"","format":"standard","meta":{"footnotes":""},"categories":[85],"tags":[],"class_list":["post-16230","post","type-post","status-publish","format-standard","has-post-thumbnail","hentry","category-historie-znacek"],"_links":{"self":[{"href":"https:\/\/eterle.cz\/eshop\/wp-json\/wp\/v2\/posts\/16230","targetHints":{"allow":["GET"]}}],"collection":[{"href":"https:\/\/eterle.cz\/eshop\/wp-json\/wp\/v2\/posts"}],"about":[{"href":"https:\/\/eterle.cz\/eshop\/wp-json\/wp\/v2\/types\/post"}],"author":[{"embeddable":true,"href":"https:\/\/eterle.cz\/eshop\/wp-json\/wp\/v2\/users\/95"}],"replies":[{"embeddable":true,"href":"https:\/\/eterle.cz\/eshop\/wp-json\/wp\/v2\/comments?post=16230"}],"version-history":[{"count":1,"href":"https:\/\/eterle.cz\/eshop\/wp-json\/wp\/v2\/posts\/16230\/revisions"}],"predecessor-version":[{"id":16231,"href":"https:\/\/eterle.cz\/eshop\/wp-json\/wp\/v2\/posts\/16230\/revisions\/16231"}],"wp:featuredmedia":[{"embeddable":true,"href":"https:\/\/eterle.cz\/eshop\/wp-json\/wp\/v2\/media\/17514"}],"wp:attachment":[{"href":"https:\/\/eterle.cz\/eshop\/wp-json\/wp\/v2\/media?parent=16230"}],"wp:term":[{"taxonomy":"category","embeddable":true,"href":"https:\/\/eterle.cz\/eshop\/wp-json\/wp\/v2\/categories?post=16230"},{"taxonomy":"post_tag","embeddable":true,"href":"https:\/\/eterle.cz\/eshop\/wp-json\/wp\/v2\/tags?post=16230"}],"curies":[{"name":"wp","href":"https:\/\/api.w.org\/{rel}","templated":true}]}}