{"id":16253,"date":"2023-10-31T10:30:31","date_gmt":"2023-10-31T09:30:31","guid":{"rendered":"https:\/\/eterle.cz\/eshop\/?p=16253"},"modified":"2025-05-17T04:17:42","modified_gmt":"2025-05-17T02:17:42","slug":"uluv","status":"publish","type":"post","link":"https:\/\/eterle.cz\/eshop\/historie-znacek\/uluv\/","title":{"rendered":"\u00daLUV"},"content":{"rendered":"<p>\u00daLUV &#8211; \u00fast\u0159ed\u00ed lidov\u00e9 a um\u011bleck\u00e9 v\u00fdroby, byla organizace slu\u010duj\u00edc\u00ed etnografy, designery, v\u00fdrobu a obchod. Organizace byla zalo\u017eena roku 1945 a skon\u010dila likvidac\u00ed 1995. \u00daLUV m\u011bl po republice a na Slovensku prodejny s n\u00e1zvem &#8222;Kr\u00e1sna Jizba&#8220;, kde se nab\u00edzel um\u011bleck\u00fd pr\u016fmysl, pr\u016fmyslov\u00e9 um\u011bn\u00ed, grafiku a p\u0159edm\u011bty k v\u00fdzdob\u011b bytu. \u00daLUV se soust\u0159edil na vytvo\u0159en\u00ed sdru\u017een\u00ed n\u00e1vrh\u00e1\u0159\u016f, v\u00fdrobc\u016f a distributor\u016f rukod\u011bln\u00fdch um\u011bleck\u00fdch \u0159emesel, u\u017eit\u00e9ho um\u011bn\u00ed a modern\u00edho designu. C\u00edlem bylo produkovat cenov\u011b dostupn\u00e9 p\u0159edm\u011bty masov\u00e9 spot\u0159eby s vysokou v\u00fdtvarnou \u00farovn\u00ed. Od roku 1954, kdy u\u017e nemohli pracovat drobn\u00ed v\u00fdrobci jako soukromn\u00edci, byl \u00daLUV takov\u00fdmi ochrann\u00fdmi k\u0159\u00eddly pod kter\u00fdmi mohli v\u00fdrobci sv\u00e9 v\u00fdrobky prod\u00e1vat. Z t\u00e9to organizace vze\u0161la ohromn\u00e1 dokumentace v\u00fdrobk\u016f a d\u011bl, kde je pops\u00e1n postup, pou\u017eit\u00fd materi\u00e1l a po\u0159\u00edzen\u00e1 fotografie v\u00fdrobku. Tato dokumentace je uchov\u00e1na V N\u00e1rodn\u00edm muzeu a Vala\u0161sk\u00e9m muzeu v p\u0159\u00edrod\u011b v Ro\u017enov\u011b pod Radho\u0161t\u011bm. Za zm\u00ednku tak\u00e9 stoj\u00ed, \u017ee slovensk\u00e9 \u00da\u013dUV d\u00edky odli\u0161n\u00e9mu p\u0159\u00edstupu slovensk\u00e9ho st\u00e1tu dodnes existuje a \u00fasp\u011b\u0161n\u011b funguje pod tamn\u00edm ministerstvem kultury.<\/p>\n","protected":false},"excerpt":{"rendered":"<p>\u00daLUV &#8211; \u00fast\u0159ed\u00ed lidov\u00e9 a um\u011bleck\u00e9 v\u00fdroby, byla organizace slu\u010duj\u00edc\u00ed etnografy, designery, v\u00fdrobu a obchod. Organizace byla zalo\u017eena roku 1945<\/p>\n","protected":false},"author":95,"featured_media":20741,"comment_status":"closed","ping_status":"closed","sticky":false,"template":"","format":"standard","meta":{"footnotes":""},"categories":[85],"tags":[],"class_list":["post-16253","post","type-post","status-publish","format-standard","has-post-thumbnail","hentry","category-historie-znacek"],"_links":{"self":[{"href":"https:\/\/eterle.cz\/eshop\/wp-json\/wp\/v2\/posts\/16253","targetHints":{"allow":["GET"]}}],"collection":[{"href":"https:\/\/eterle.cz\/eshop\/wp-json\/wp\/v2\/posts"}],"about":[{"href":"https:\/\/eterle.cz\/eshop\/wp-json\/wp\/v2\/types\/post"}],"author":[{"embeddable":true,"href":"https:\/\/eterle.cz\/eshop\/wp-json\/wp\/v2\/users\/95"}],"replies":[{"embeddable":true,"href":"https:\/\/eterle.cz\/eshop\/wp-json\/wp\/v2\/comments?post=16253"}],"version-history":[{"count":1,"href":"https:\/\/eterle.cz\/eshop\/wp-json\/wp\/v2\/posts\/16253\/revisions"}],"predecessor-version":[{"id":16254,"href":"https:\/\/eterle.cz\/eshop\/wp-json\/wp\/v2\/posts\/16253\/revisions\/16254"}],"wp:featuredmedia":[{"embeddable":true,"href":"https:\/\/eterle.cz\/eshop\/wp-json\/wp\/v2\/media\/20741"}],"wp:attachment":[{"href":"https:\/\/eterle.cz\/eshop\/wp-json\/wp\/v2\/media?parent=16253"}],"wp:term":[{"taxonomy":"category","embeddable":true,"href":"https:\/\/eterle.cz\/eshop\/wp-json\/wp\/v2\/categories?post=16253"},{"taxonomy":"post_tag","embeddable":true,"href":"https:\/\/eterle.cz\/eshop\/wp-json\/wp\/v2\/tags?post=16253"}],"curies":[{"name":"wp","href":"https:\/\/api.w.org\/{rel}","templated":true}]}}