{"id":16263,"date":"2023-10-31T11:03:28","date_gmt":"2023-10-31T10:03:28","guid":{"rendered":"https:\/\/eterle.cz\/eshop\/?p=16263"},"modified":"2025-05-17T04:17:42","modified_gmt":"2025-05-17T02:17:42","slug":"oswald-haerdtl","status":"publish","type":"post","link":"https:\/\/eterle.cz\/eshop\/historie-znacek\/oswald-haerdtl\/","title":{"rendered":"Oswald Haerdtl"},"content":{"rendered":"<p>Oswald Haerdtl (1899\u20131959) absolvoval studium na v\u00edde\u0148sk\u00e9 Um\u011bleckopr\u016fmyslov\u00e9 \u0161kole u Kolo Mosera, Oskara Strnada, Josefa Franka a Rudolfa Larische. Rok po ukon\u010den\u00ed studia se v roce 1922 stal asistentem Josefa Hoffmanna, pozd\u011bji vedouc\u00edm jeho ateli\u00e9ru a spole\u010dn\u00edkem. T\u0159i roky po zah\u00e1jen\u00ed kolonie Werkbundu, pro kterou navrhl <a class=\"waffle-rich-text-link\" href=\"https:\/\/www.werkbundsiedlung-wien.at\/cs\/%C5%BEivotopis\/%7Bentry%3A440%3Aurl%7D\">domy \u010d. 39 a \u010d. 40<\/a> v\u010detn\u011b interi\u00e9r\u016f, obdr\u017eel profesuru na Um\u011bleckopr\u016fmyslov\u00e9 \u0161kole ve V\u00eddni. Po rozep\u0159i s Hoffmannem v roce 1939 zalo\u017eil vlastn\u00ed architektonick\u00fd ateli\u00e9r. Haerdtl ve sv\u00e9 tvorb\u011b spojoval p\u0159\u00edsn\u00e9 a stroh\u00e9 linie sv\u00fdch u\u010ditel\u016f Strnada a Franka s Hoffmannovou l\u00e1skou k detailu. Po v\u00e1lce v 50.letech Haerdtl na\u0161el spoustu pr\u00e1ce p\u0159i vytv\u00e1\u0159en\u00ed interi\u00e9r\u016f kav\u00e1ren, ale i j\u00eddeln\u00edch l\u00edstk\u016f, v\u00e1z, p\u0159\u00edbor\u016f, skla a n\u00e1dob\u00ed. Jeho kav\u00e1rensk\u00e9 \u017eidle byly vyrobeny spole\u010dnost\u00ed Thonet, kter\u00e1, a\u010dkoli byla tak\u00e9 vyrobena z oh\u00fdban\u00e9ho d\u0159eva, vykazovala modern\u011bj\u0161\u00ed estetiku ne\u017e p\u016fvodn\u00ed Thonetova \u017eidle \u010d.14. Uniformy \u010d\u00ed\u0161n\u00edk\u016f \u2013 pova\u017eovan\u00e9 za z\u00e1kladn\u00ed prvek v\u00fdzdoby interi\u00e9ru kav\u00e1ren \u2013 \u010dasto navrhovala Haerdtlova man\u017eelka Carmela. Mezi slavn\u00e9 interi\u00e9ry kav\u00e1ren Haerdtl pat\u0159\u00ed Caf\u00e9 Pr\u00fckel (1939, kompletn\u011b rekonstruov\u00e1no v roce 1954), Arabia (1950-57) a Hotel Bristol (1948-55).<\/p>\n","protected":false},"excerpt":{"rendered":"<p>Oswald Haerdtl (1899\u20131959) absolvoval studium na v\u00edde\u0148sk\u00e9 Um\u011bleckopr\u016fmyslov\u00e9 \u0161kole u Kolo Mosera, Oskara Strnada, Josefa Franka a Rudolfa Larische. Rok<\/p>\n","protected":false},"author":95,"featured_media":12867,"comment_status":"closed","ping_status":"closed","sticky":false,"template":"","format":"standard","meta":{"footnotes":""},"categories":[85],"tags":[],"class_list":["post-16263","post","type-post","status-publish","format-standard","has-post-thumbnail","hentry","category-historie-znacek"],"_links":{"self":[{"href":"https:\/\/eterle.cz\/eshop\/wp-json\/wp\/v2\/posts\/16263","targetHints":{"allow":["GET"]}}],"collection":[{"href":"https:\/\/eterle.cz\/eshop\/wp-json\/wp\/v2\/posts"}],"about":[{"href":"https:\/\/eterle.cz\/eshop\/wp-json\/wp\/v2\/types\/post"}],"author":[{"embeddable":true,"href":"https:\/\/eterle.cz\/eshop\/wp-json\/wp\/v2\/users\/95"}],"replies":[{"embeddable":true,"href":"https:\/\/eterle.cz\/eshop\/wp-json\/wp\/v2\/comments?post=16263"}],"version-history":[{"count":2,"href":"https:\/\/eterle.cz\/eshop\/wp-json\/wp\/v2\/posts\/16263\/revisions"}],"predecessor-version":[{"id":20744,"href":"https:\/\/eterle.cz\/eshop\/wp-json\/wp\/v2\/posts\/16263\/revisions\/20744"}],"wp:featuredmedia":[{"embeddable":true,"href":"https:\/\/eterle.cz\/eshop\/wp-json\/wp\/v2\/media\/12867"}],"wp:attachment":[{"href":"https:\/\/eterle.cz\/eshop\/wp-json\/wp\/v2\/media?parent=16263"}],"wp:term":[{"taxonomy":"category","embeddable":true,"href":"https:\/\/eterle.cz\/eshop\/wp-json\/wp\/v2\/categories?post=16263"},{"taxonomy":"post_tag","embeddable":true,"href":"https:\/\/eterle.cz\/eshop\/wp-json\/wp\/v2\/tags?post=16263"}],"curies":[{"name":"wp","href":"https:\/\/api.w.org\/{rel}","templated":true}]}}