{"id":20766,"date":"2024-09-05T11:20:44","date_gmt":"2024-09-05T09:20:44","guid":{"rendered":"https:\/\/eterle.cz\/eshop\/?p=20766"},"modified":"2025-12-12T20:31:50","modified_gmt":"2025-12-12T19:31:50","slug":"moser","status":"publish","type":"post","link":"https:\/\/eterle.cz\/eshop\/historie-znacek\/moser\/","title":{"rendered":"Moser"},"content":{"rendered":"\t\t<div data-elementor-type=\"wp-post\" data-elementor-id=\"20766\" class=\"elementor elementor-20766\">\n\t\t\t\t<div class=\"wd-negative-gap elementor-element elementor-element-645d6731 e-flex e-con-boxed e-con e-parent\" data-id=\"645d6731\" data-element_type=\"container\" data-e-type=\"container\">\n\t\t\t\t\t<div class=\"e-con-inner\">\n\t\t\t\t<div class=\"elementor-element elementor-element-2d7d7de color-scheme-inherit text-left elementor-widget elementor-widget-text-editor\" data-id=\"2d7d7de\" data-element_type=\"widget\" data-e-type=\"widget\" data-widget_type=\"text-editor.default\">\n\t\t\t\t\t\t\t\t\t<p>Historie firmy Moser se za\u010dala ps\u00e1t u\u017e v roce 1857, kdy rytec a obchodn\u00edk Ludwig Moser zalo\u017eil firmu na zpracov\u00e1n\u00ed skla. V Karlov\u00fdch Varech pak postavil skl\u00e1rnu, kde se od prvopo\u010d\u00e1tku a\u017e do dne\u0161n\u00edch dn\u016f zpracov\u00e1v\u00e1 k\u0159i\u0161\u0165\u00e1lov\u00e9 sklo v\u00fdhradn\u011b ru\u010dn\u011b. P\u0159ed v\u00edce ne\u017e 160 lety vdechl nadan\u00fd \u010desk\u00fd rytec Ludwig Moser \u017eivot k\u0159i\u0161\u0165\u00e1lu Moser a okouzlil s n\u00edm sv\u011bt. Od sam\u00e9ho za\u010d\u00e1tku pracoval s tradi\u010dn\u00ed technologi\u00ed v\u00fdroby skla. Byl to ale p\u0159edev\u0161\u00edm jeho talent a um\u011bn\u00ed, co dok\u00e1zalo d\u00e1t kolekc\u00edm jedine\u010dnost a kr\u00e1su. Od t\u00e9 doby k\u0159i\u0161\u0165\u00e1l Moser nechyb\u00ed na kr\u00e1lovsk\u00fdch svatb\u00e1ch i setk\u00e1n\u00edch vrcholn\u00fdch p\u0159edstavitel\u016f politick\u00e9ho \u017eivota a je vyhled\u00e1v\u00e1n lidmi s vyt\u0159\u00edben\u00fdm vkusem. Stejn\u011b jako p\u0159ed v\u00edce ne\u017e 160 lety, Moser z\u016fst\u00e1v\u00e1 exkluzivn\u00ed manufakturou. D\u00edky v\u00fdhradn\u011b ru\u010dn\u00ed pr\u00e1ci skl\u00e1\u0159sk\u00fdch mistr\u016f je ka\u017ed\u00e1 moserovsk\u00e1 \u010d\u00ed\u0161e, v\u00e1za nebo jin\u00fd v\u00fdrobek skute\u010dn\u00fdm origin\u00e1lem. \u0158\u00edk\u00e1 se, \u017ee z k\u0159i\u0161\u0165\u00e1lu Moser i voda chutn\u00e1 l\u00e9pe.<\/p>\t\t\t\t\t\t\t\t<\/div>\n\t\t\t\t\t<\/div>\n\t\t\t\t<\/div>\n\t\t\t\t<\/div>\n\t\t","protected":false},"excerpt":{"rendered":"<p>Historie firmy Moser se za\u010dala ps\u00e1t u\u017e v roce 1857, kdy rytec a obchodn\u00edk Ludwig Moser zalo\u017eil firmu na zpracov\u00e1n\u00ed<\/p>\n","protected":false},"author":95,"featured_media":20568,"comment_status":"closed","ping_status":"closed","sticky":false,"template":"","format":"standard","meta":{"footnotes":""},"categories":[85],"tags":[],"class_list":["post-20766","post","type-post","status-publish","format-standard","has-post-thumbnail","hentry","category-historie-znacek"],"_links":{"self":[{"href":"https:\/\/eterle.cz\/eshop\/wp-json\/wp\/v2\/posts\/20766","targetHints":{"allow":["GET"]}}],"collection":[{"href":"https:\/\/eterle.cz\/eshop\/wp-json\/wp\/v2\/posts"}],"about":[{"href":"https:\/\/eterle.cz\/eshop\/wp-json\/wp\/v2\/types\/post"}],"author":[{"embeddable":true,"href":"https:\/\/eterle.cz\/eshop\/wp-json\/wp\/v2\/users\/95"}],"replies":[{"embeddable":true,"href":"https:\/\/eterle.cz\/eshop\/wp-json\/wp\/v2\/comments?post=20766"}],"version-history":[{"count":7,"href":"https:\/\/eterle.cz\/eshop\/wp-json\/wp\/v2\/posts\/20766\/revisions"}],"predecessor-version":[{"id":32499,"href":"https:\/\/eterle.cz\/eshop\/wp-json\/wp\/v2\/posts\/20766\/revisions\/32499"}],"wp:featuredmedia":[{"embeddable":true,"href":"https:\/\/eterle.cz\/eshop\/wp-json\/wp\/v2\/media\/20568"}],"wp:attachment":[{"href":"https:\/\/eterle.cz\/eshop\/wp-json\/wp\/v2\/media?parent=20766"}],"wp:term":[{"taxonomy":"category","embeddable":true,"href":"https:\/\/eterle.cz\/eshop\/wp-json\/wp\/v2\/categories?post=20766"},{"taxonomy":"post_tag","embeddable":true,"href":"https:\/\/eterle.cz\/eshop\/wp-json\/wp\/v2\/tags?post=20766"}],"curies":[{"name":"wp","href":"https:\/\/api.w.org\/{rel}","templated":true}]}}