{"id":7188,"date":"2021-07-29T23:57:07","date_gmt":"2021-07-29T21:57:07","guid":{"rendered":"https:\/\/eterle.cz\/eshop\/?p=7188"},"modified":"2025-05-17T04:17:44","modified_gmt":"2025-05-17T02:17:44","slug":"tatra-nabytek-n-p-pravenec","status":"publish","type":"post","link":"https:\/\/eterle.cz\/eshop\/historie-znacek\/tatra-nabytek-n-p-pravenec\/","title":{"rendered":"Tatra n\u00e1bytek, n. p. Pravenec"},"content":{"rendered":"<p>Tatra n\u00e1bytek, n. p. Pravenec byl \u010deskoslovensk\u00fd n\u00e1rodn\u00ed podnik, kter\u00fd existoval mezi lety 1958 a 1990. Zab\u00fdval se s\u00e9riovou v\u00fdrobou n\u00e1bytku, zejm\u00e9na sedac\u00edho z oh\u00fdban\u00e9ho d\u0159eva (\u017eidle, k\u0159esla), ale tak\u00e9 stol\u016f a sk\u0159\u00edn\u00ed pro ob\u00fdvac\u00ed pokoje. Sedac\u00ed n\u00e1bytek se vyvinul z levn\u011bj\u0161\u00ed varianty k prvorepublikov\u00e9mu Thonetu, d\u00edky tomu, \u017ee Tatra n\u00e1bytek p\u0159evzala martinskou firmu Ladislav Dobrovits and Co., kter\u00e1 za prvn\u00ed republiky tento n\u00e1bytek vyr\u00e1b\u011bla. Pro Tatra n\u00e1bytek Pravenec bylo obdob\u00ed 50. a 60. let mimo\u0159\u00e1dn\u011b pozitivn\u00ed, proto\u017ee se spojovalo s prvn\u00edmi v\u00fdznamn\u00fdmi jm\u00e9ny n\u00e1vrh\u00e1\u0159\u016f a design\u00e9r\u016f, kte\u0159\u00ed svou inven\u010dnosti za\u010dali ps\u00e1t novodob\u00e9 d\u011bjiny n\u00e1bytkov\u00e9ho designu na Slovensku. Byl to p\u0159edev\u0161\u00edm Ladislav Gatial, kter\u00fd navrhl v\u00edce ne\u017e polovinu produkce \u017eidl\u00ed. Jeho n\u00e1vrh seda\u010dky z\u00edskal 3. cenu na sv\u011btov\u00e9 v\u00fdstav\u011b v Montrealu. St\u00e1l i u zrodu v\u00fdzkumn\u011b-v\u00fdvojov\u00e9ho pracovi\u0161t\u011b, ve kter\u00e9m pracovali a experimentovali design\u00e9\u0159i Miroslav \u0160kriniar, Ondrej \u010cverha a \u0160tefan B\u00edlik. Dalo by se p\u0159edpokl\u00e1dat, \u017ee v 50. letech klasick\u00e1 a zastaral\u00e1 technika oh\u00fdb\u00e1n\u00ed d\u0159eva zanikne, opak byl v\u0161ak pravdou, proto\u017ee tento objev z 19. stolet\u00ed je \u0161etrn\u00fd k d\u0159evu a umo\u017e\u0148uje mno\u017estv\u00ed variant jeho tv\u00e1\u0159en\u00ed. \u017didle jsou lehk\u00e9, skladn\u00e9, pevn\u00e9 a z\u00e1rove\u0148 pru\u017en\u00e9 a st\u00e1le obl\u00edben\u00e9 v sou\u010dasn\u00fdch soukrom\u00fdch a ve\u0159ejn\u00fdch interi\u00e9rech. V\u00fdrobn\u00ed program Tatra n\u00e1bytek Pravenec z\u00edskalo Slovensk\u00e9 centrum designu v roce 2004 a je sou\u010d\u00e1st\u00ed sb\u00edrek Slovensk\u00e9ho muzea designu.<\/p>\n<p>Produkty:<\/p>\n<p>Lotos \u2013 sk\u0159\u00ed\u0148ov\u00e1 sestava do ob\u00fdvac\u00edho pokoje sv\u011btl\u00e9 barvy z javoru a mahagonu, kter\u00e1 m\u011bla p\u0159edn\u00ed v\u00fdpln\u011b ze \u0161t\u00edpan\u00e9ho rotangu a re\u017en\u00e9ho pl\u00e1tna od architekta Pokorn\u00e9ho. S\u00e9riov\u011b vyr\u00e1b\u011bn\u00e1 od roku 1980 a dod\u00e1van\u00e1 do cel\u00e9ho sv\u011bta i na dom\u00e1c\u00ed trh.<\/p>\n<p>Treslo \u2013 bukov\u00e9 tmav\u011bhn\u011bd\u00e9 k\u0159eslo z roku 1984 jeho\u017e autorem byl \u0160tefan Bil\u00edk. K\u0159eslo z tvarovan\u00e9 p\u0159ekli\u017eky a vrstven\u00e9 lamely z\u00edskalo zlatou medaili na brn\u011bnsk\u00e9m veletrhu spot\u0159ebn\u00edho zbo\u017e\u00ed.<\/p>\n<p>Kozi\u010dka \u2013 \u017eidle z bukov\u00e9ho d\u0159eva z roku 1980 z n\u00e1vrhu Ond\u0159eje \u010cverhy.<\/p>\n<p>Somza \u2013 polohovateln\u00e9 k\u0159eslo z n\u00e1vrhu architekta Ond\u0159eje \u010cverhy z roku 1982.<\/p>\n<p>Riwa \u2013 \u010daloun\u011bn\u00e1 sedac\u00ed souprava z n\u00e1vrchu architekta Karla Lapky (pol. 80. let 20. stolet\u00ed). Obd\u00e9ln\u00edkov\u00fd \u010daloun\u011bn\u00fd hranol na kovov\u00fdch no\u017ek\u00e1ch, je ukon\u010den zm\u011bk\u010denou sedac\u00ed \u010d\u00e1st\u00ed, kter\u00e1 m\u00edrn\u011b p\u0159esahuje sm\u011brem dop\u0159edu v jemn\u00e9m oblou\u010dku. Op\u011brn\u00e1 \u010d\u00e1st je rovn\u00e1 do prav\u00e9ho \u00fahlu k \u010d\u00e1sti sedac\u00ed. Polstrov\u00e1n\u00ed ve tvaru oblouku sm\u011brem dop\u0159edu. Jednolit\u00fd materi\u00e1l pokryt pruhy.<\/p>\n<p>Schow \u2013 j\u00eddeln\u00ed set Miroslava Skriniara z poloviny 80. let. Predn\u00f4\u017eka \u2013 \u017eidle navr\u017een\u00e1 Ondrejem \u010cverhou z poloviny 80. let.<\/p>\n<p>Rena \u2013 sk\u0159\u00ed\u0148ov\u00fd syst\u00e9m od Ing. Schneidera s v\u00fdklopnou deskou pro stolov\u00e1n\u00ed z tmav\u011b mo\u0159en\u00e9ho buku ze za\u010d\u00e1tku 80. let.<\/p>\n<p>Tatra \u2013 sk\u0159\u00ed\u0148ov\u00fd syst\u00e9m od Franti\u0161ka Jir\u00e1ka ze za\u010d\u00e1tku 80. let.<\/p>\n<p>Nicol \u2013 sedac\u00ed \u010daloun\u011bn\u00e1 soustava s rohov\u00fdm d\u00edlem a mo\u017enost\u00ed rozlo\u017eit na v\u00e1lendu slo\u017een\u00e1 ze sedmi \u010d\u00e1st\u00ed navr\u017een\u00e1 Ladislavem Gatialem. V roce 1977 se prod\u00e1vala v obchodn\u00edm dom\u011b B\u00edl\u00e1 labu\u0165 v Praze za 10 300 K\u010ds.<\/p>\n<p>O-47 \u2013 ob\u00fdvac\u00ed pokoj z roku 1955 od Frati\u0161ka Jir\u00e1ka vyr\u00e1b\u011bn\u00fd v Tat\u0159e Pravenec a\u017e do za\u010d\u00e1tku let 80.<\/p>\n<p>\u017didle 53-92 \u2013 \u017eidle s v\u00fdpletem (sed\u00e1k) od Ladislava Gatiala z\u00edskala v roce 1973 zlatou medaili na MVSZ Brno.<\/p>\n<p>TN 00-06 \u2013 \u0159ezan\u00e1 \u017eidle s \u010daloun\u011bn\u00fdm sed\u00e1kem od architekta Gatiala z\u00edskala zlatou medaili v roce 1975 na MVSZ Brno.<\/p>\n","protected":false},"excerpt":{"rendered":"<p>Tatra n\u00e1bytek, n. p. Pravenec byl \u010deskoslovensk\u00fd n\u00e1rodn\u00ed podnik, kter\u00fd existoval mezi lety 1958 a 1990. Zab\u00fdval se s\u00e9riovou v\u00fdrobou<\/p>\n","protected":false},"author":2,"featured_media":17515,"comment_status":"closed","ping_status":"closed","sticky":false,"template":"","format":"standard","meta":{"footnotes":""},"categories":[85],"tags":[],"class_list":["post-7188","post","type-post","status-publish","format-standard","has-post-thumbnail","hentry","category-historie-znacek"],"_links":{"self":[{"href":"https:\/\/eterle.cz\/eshop\/wp-json\/wp\/v2\/posts\/7188","targetHints":{"allow":["GET"]}}],"collection":[{"href":"https:\/\/eterle.cz\/eshop\/wp-json\/wp\/v2\/posts"}],"about":[{"href":"https:\/\/eterle.cz\/eshop\/wp-json\/wp\/v2\/types\/post"}],"author":[{"embeddable":true,"href":"https:\/\/eterle.cz\/eshop\/wp-json\/wp\/v2\/users\/2"}],"replies":[{"embeddable":true,"href":"https:\/\/eterle.cz\/eshop\/wp-json\/wp\/v2\/comments?post=7188"}],"version-history":[{"count":1,"href":"https:\/\/eterle.cz\/eshop\/wp-json\/wp\/v2\/posts\/7188\/revisions"}],"predecessor-version":[{"id":7190,"href":"https:\/\/eterle.cz\/eshop\/wp-json\/wp\/v2\/posts\/7188\/revisions\/7190"}],"wp:featuredmedia":[{"embeddable":true,"href":"https:\/\/eterle.cz\/eshop\/wp-json\/wp\/v2\/media\/17515"}],"wp:attachment":[{"href":"https:\/\/eterle.cz\/eshop\/wp-json\/wp\/v2\/media?parent=7188"}],"wp:term":[{"taxonomy":"category","embeddable":true,"href":"https:\/\/eterle.cz\/eshop\/wp-json\/wp\/v2\/categories?post=7188"},{"taxonomy":"post_tag","embeddable":true,"href":"https:\/\/eterle.cz\/eshop\/wp-json\/wp\/v2\/tags?post=7188"}],"curies":[{"name":"wp","href":"https:\/\/api.w.org\/{rel}","templated":true}]}}