{"id":7191,"date":"2021-07-29T23:59:35","date_gmt":"2021-07-29T21:59:35","guid":{"rendered":"https:\/\/eterle.cz\/eshop\/?p=7191"},"modified":"2025-05-17T04:17:44","modified_gmt":"2025-05-17T02:17:44","slug":"jiri-jiroutek","status":"publish","type":"post","link":"https:\/\/eterle.cz\/eshop\/historie-znacek\/jiri-jiroutek\/","title":{"rendered":"Ji\u0159\u00ed Jiroutek"},"content":{"rendered":"<p>Ji\u0159\u00ed Jiroutek p\u0159i\u010dichl k pr\u00e1ci se d\u0159evem ji\u017e v d\u011btstv\u00ed ve str\u00fdcov\u011b d\u00edln\u011b, kde si jako mal\u00fd chlapec hr\u00e1val. Pozd\u011bji se pr\u00e1ci se d\u0159evem v\u011bnoval na studiu pr\u016fmyslov\u00e9 \u0161koly. V roce 1947 nastoupil do firmy Michal\u00edk, kde vyr\u00e1b\u011bli luxusn\u00ed um\u011bleck\u00fd n\u00e1bytek. Kdy\u017e se v\u0161ak Jiroutek po absolvov\u00e1n\u00ed povinn\u00e9 vojensk\u00e9 slu\u017eby vr\u00e1til do Prahy, firma u\u017e neexistovala. Nastoupil tedy do nov\u011b vznikl\u00e9ho podniku Interi\u00e9r Praha, kter\u00fd se m\u011bl brzy st\u00e1t nejv\u011bt\u0161\u00edm v\u00fdrobcem n\u00e1bytku v \u010ceskoslovensku. V roce 1958 navrhl Ji\u0159\u00ed Jiroutek pro Interi\u00e9r Praha sk\u0159\u00ednku U-453. Ni\u017e\u0161\u00ed n\u00e1klady na v\u00fdrobu dovolily autorovi zam\u011b\u0159it se na detaily \u2013 sk\u0159\u00ed\u0148ka se od ostatn\u00ed produkce odli\u0161ovala n\u00e1padit\u00fdm tvarov\u00e1n\u00edm a modern\u00edmi barvami po vzoru n\u00e1bytku vystavovan\u00e9ho na bruselsk\u00e9m Expu. Z\u00e1sadn\u00ed byla tak\u00e9 snadn\u00e1 mont\u00e1\u017e \u2013 n\u00e1bytek si mohl sestavit ka\u017ed\u00fd s\u00e1m v klidu domova. Nad\u010dasov\u00fd kus n\u00e1bytku se ve v\u00fdrob\u011b udr\u017eel neuv\u011b\u0159iteln\u00fdch 20 let.<\/p>\n<p>V roce 1968 p\u0159i\u0161lo setk\u00e1n\u00ed s Ingvarem Kampradem, majitelem IKEA. N\u00e1bytk\u00e1\u0159sk\u00fd magn\u00e1t ho je\u0161t\u011b t\u00e9ho\u017e roku pozval pracovat do \u0160v\u00e9dska. V roce 1971 byl v\u0161ak Ji\u0159\u00ed Jiroutek odvol\u00e1n na\u0159\u00edzen\u00edm zp\u00e1tky do \u010ceskoslovenska. Po n\u00e1vratu pracoval jako \u0159adov\u00fd prodava\u010d n\u00e1bytku v odbytu sv\u00e9ho b\u00fdval\u00e9ho zam\u011bstnavatele, Interi\u00e9ru Praha. Cesty \u010desk\u00e9ho design\u00e9ra n\u00e1bytku a vlastn\u00edka \u0161v\u00e9dsk\u00e9 n\u00e1bytk\u00e1\u0159sk\u00e9 firmy se znovu st\u0159etly p\u0159i Kampradov\u011b dal\u0161\u00ed n\u00e1v\u0161t\u011bv\u011b \u010ceskoslovenska. Na Kamprad\u016fv popud byl Jiroutek p\u0159ijat do podniku zahrani\u010dn\u00edho obchodu Ligna, kde mohl op\u011bt navrhovat n\u00e1bytek. Krom\u011b v\u00fdroby prototyp\u016f a kontroly technick\u00fdch n\u00e1vrh\u016f m\u011bl Ji na starost tak\u00e9 \u00fa\u010dast na veletrz\u00edch n\u00e1bytku ve sv\u011bt\u011b \u2013 b\u011bhem let nav\u0161t\u00edvil trhy v Amsterodamu, Lond\u00fdn\u011b, Pa\u0159\u00ed\u017ei, Bernu, V\u00eddni nebo v Casablance. V 70. letech p\u016fsobil Jiroutek ve v\u00fdtvarn\u00e9 rad\u011b \u010ceskoslovenska, kter\u00e1 m\u011bla na starosti schvalov\u00e1n\u00ed n\u00e1vrh\u016f v\u0161ech n\u00e1bytkov\u00fdch podnik\u016f. Ve vlastn\u00edm ateli\u00e9ru tvo\u0159\u00ed od roku 1992, posledn\u00edch 15 let v\u0161ak p\u0159edev\u0161\u00edm pro radost. \u017divnost pov\u011bsil Ji\u0159\u00ed Jiroutek na h\u0159eb\u00edk v roce 2004.<\/p>\n","protected":false},"excerpt":{"rendered":"<p>Ji\u0159\u00ed Jiroutek p\u0159i\u010dichl k pr\u00e1ci se d\u0159evem ji\u017e v d\u011btstv\u00ed ve str\u00fdcov\u011b d\u00edln\u011b, kde si jako mal\u00fd chlapec hr\u00e1val. Pozd\u011bji<\/p>\n","protected":false},"author":2,"featured_media":17501,"comment_status":"closed","ping_status":"closed","sticky":false,"template":"","format":"standard","meta":{"footnotes":""},"categories":[85],"tags":[],"class_list":["post-7191","post","type-post","status-publish","format-standard","has-post-thumbnail","hentry","category-historie-znacek"],"_links":{"self":[{"href":"https:\/\/eterle.cz\/eshop\/wp-json\/wp\/v2\/posts\/7191","targetHints":{"allow":["GET"]}}],"collection":[{"href":"https:\/\/eterle.cz\/eshop\/wp-json\/wp\/v2\/posts"}],"about":[{"href":"https:\/\/eterle.cz\/eshop\/wp-json\/wp\/v2\/types\/post"}],"author":[{"embeddable":true,"href":"https:\/\/eterle.cz\/eshop\/wp-json\/wp\/v2\/users\/2"}],"replies":[{"embeddable":true,"href":"https:\/\/eterle.cz\/eshop\/wp-json\/wp\/v2\/comments?post=7191"}],"version-history":[{"count":1,"href":"https:\/\/eterle.cz\/eshop\/wp-json\/wp\/v2\/posts\/7191\/revisions"}],"predecessor-version":[{"id":7192,"href":"https:\/\/eterle.cz\/eshop\/wp-json\/wp\/v2\/posts\/7191\/revisions\/7192"}],"wp:featuredmedia":[{"embeddable":true,"href":"https:\/\/eterle.cz\/eshop\/wp-json\/wp\/v2\/media\/17501"}],"wp:attachment":[{"href":"https:\/\/eterle.cz\/eshop\/wp-json\/wp\/v2\/media?parent=7191"}],"wp:term":[{"taxonomy":"category","embeddable":true,"href":"https:\/\/eterle.cz\/eshop\/wp-json\/wp\/v2\/categories?post=7191"},{"taxonomy":"post_tag","embeddable":true,"href":"https:\/\/eterle.cz\/eshop\/wp-json\/wp\/v2\/tags?post=7191"}],"curies":[{"name":"wp","href":"https:\/\/api.w.org\/{rel}","templated":true}]}}