{"id":7193,"date":"2021-07-30T00:01:42","date_gmt":"2021-07-29T22:01:42","guid":{"rendered":"https:\/\/eterle.cz\/eshop\/?p=7193"},"modified":"2025-05-17T04:17:44","modified_gmt":"2025-05-17T02:17:44","slug":"jaroslav-jezek","status":"publish","type":"post","link":"https:\/\/eterle.cz\/eshop\/historie-znacek\/jaroslav-jezek\/","title":{"rendered":"Jaroslav Je\u017eek"},"content":{"rendered":"<p>Jaroslav Je\u017eek byl p\u0159edn\u00ed \u010desk\u00fd design\u00e9r narozen v roce 1923 v Podles\u00ed u P\u0159\u00edbrami. V letech 1945\u20131949 studoval v\u00fdtvarnou v\u00fdchovu na Pedagogick\u00e9 fakult\u011b Karlovy univerzity. Studia na fakult\u011b v\u0161ak nedokon\u010dil s \u00famyslem p\u0159ej\u00edt na V\u0160UP do ateli\u00e9ru porcel\u00e1nu a keramiky k Prof. Eckertovi. Na jeho doporu\u010den\u00ed se v\u0161ak rozhodl j\u00edt nejprve na praxi do v\u00fdroby, aby si osvojil technologii a provoz v porcel\u00e1nov\u00e9m pr\u016fmyslu. Nakonec na studia rezignoval. V obdob\u00ed 1949\u20131955 p\u016fsobil v porcel\u00e1nce Thun v Kl\u00e1\u0161terci nad Oh\u0159\u00ed. Od 50. let se postupn\u011b prosazoval jako p\u0159edn\u00ed \u010desk\u00fd tv\u016frce figur\u00e1ln\u00edho a u\u017eitn\u00e9ho porcel\u00e1nu. Nejv\u00fdznamn\u011bj\u0161\u00ed byly jeho pr\u00e1ce pro podnik Karlovarsk\u00fd porcel\u00e1n n. p. a jeho V\u00fdvojov\u00fd z\u00e1vod v Lesov\u011b. Vytvo\u0159il velk\u00e9 mno\u017estv\u00ed skic k d\u00e1rkov\u00fdm souprav\u00e1m, v\u00e1z\u00e1m a nep\u0159ebern\u00e9 mno\u017estv\u00ed flor\u00e1ln\u00edch dekor\u016f, kter\u00e9 dopl\u0148ovaly hladk\u00e9 st\u011bny konvic a \u0161\u00e1lk\u016f. V roce 1957 byl Je\u017eek vyzv\u00e1n k vytv\u00e1\u0159en\u00ed n\u00e1vrh\u016f pro Sv\u011btovou v\u00fdstavu v Bruselu. Je jedn\u00edm ze zakladatel\u016f tzv. bruselsk\u00e9ho stylu p\u0159elomu pades\u00e1t\u00fdch a \u0161edes\u00e1t\u00fdch let. Za sv\u016fj \u017eivot vytvo\u0159il 39 kompletn\u00edch porcel\u00e1nov\u00fdch souprav a v\u00edce ne\u017e stovku n\u00e1vrh\u016f drobn\u00e9 plastiky. Pro Je\u017ekovy figurky z pades\u00e1t\u00fdch let je typick\u00e9 abstrahov\u00e1n\u00ed od detailu. Tvaru dominuje elegantn\u00ed k\u0159ivka, podtrhuj\u00edc\u00ed v\u011bt\u0161inou pohyb \u010di typickou pozici zobrazovan\u00e9ho zv\u00ed\u0159ete a nez\u0159\u00eddka trefn\u011b postihne i jeho osobnost. Figurky \u010dasto nepostr\u00e1daj\u00ed krom\u011b elegance ani vtip \u010di n\u011bhu. Zat\u00edmco pro konec pades\u00e1t\u00fdch let je typick\u00fd pohyb a hravost, za\u010d\u00ednaj\u00ed zv\u00ed\u0159ec\u00ed plastiky na po\u010d\u00e1tku \u0161edes\u00e1t\u00fdch let postupn\u011b nab\u00fdvat na stati\u010dnosti.<\/p>\n<p>Nejzn\u00e1m\u011bj\u0161\u00ed porcel\u00e1nov\u00e9 plastiky:<\/p>\n<p>1958 \u2013 H\u0159ebe\u010dkov\u00e9, Klisni\u010dka, Volavky (Velk\u00e1 cena na Sv\u011btov\u00e9 v\u00fdstav\u011b EXPO 58 v Bruselu)<\/p>\n<p>1959 \u2013 P\u00e1v, Jitro<\/p>\n<p>1963 \u2013 Velk\u00fd b\u00fdk<\/p>\n<p>Nejzn\u00e1m\u011bj\u0161\u00ed porcel\u00e1nov\u00e9 servisy:<\/p>\n<p>1956 \u2013 Obl\u00e1zek (nerealizov\u00e1no)<\/p>\n<p>1957 \u2013 Elka (Zlat\u00e1 medaile na Sv\u011btov\u00e9 v\u00fdstav\u011b EXPO 58 v Bruselu)<\/p>\n<p>1958 \u2013 Asmanit (varn\u00fd porcel\u00e1n)<\/p>\n<p>1959 \u2013 Ex, Tria, Manon, Orava<\/p>\n<p>1963 \u2013 Rafaela<\/p>\n<p>1966 \u2013 Romana (St\u0159\u00edbrn\u00e1 medaile na Mezin\u00e1rodn\u00ed v\u00fdstav\u011b keramiky AIC v Istanbulu )<\/p>\n<p>1964 \u2013 Nefertiti<\/p>\n","protected":false},"excerpt":{"rendered":"<p>Jaroslav Je\u017eek byl p\u0159edn\u00ed \u010desk\u00fd design\u00e9r narozen v roce 1923 v Podles\u00ed u P\u0159\u00edbrami. V letech 1945\u20131949 studoval v\u00fdtvarnou v\u00fdchovu<\/p>\n","protected":false},"author":2,"featured_media":14919,"comment_status":"closed","ping_status":"closed","sticky":false,"template":"","format":"standard","meta":{"footnotes":""},"categories":[85],"tags":[],"class_list":["post-7193","post","type-post","status-publish","format-standard","has-post-thumbnail","hentry","category-historie-znacek"],"_links":{"self":[{"href":"https:\/\/eterle.cz\/eshop\/wp-json\/wp\/v2\/posts\/7193","targetHints":{"allow":["GET"]}}],"collection":[{"href":"https:\/\/eterle.cz\/eshop\/wp-json\/wp\/v2\/posts"}],"about":[{"href":"https:\/\/eterle.cz\/eshop\/wp-json\/wp\/v2\/types\/post"}],"author":[{"embeddable":true,"href":"https:\/\/eterle.cz\/eshop\/wp-json\/wp\/v2\/users\/2"}],"replies":[{"embeddable":true,"href":"https:\/\/eterle.cz\/eshop\/wp-json\/wp\/v2\/comments?post=7193"}],"version-history":[{"count":1,"href":"https:\/\/eterle.cz\/eshop\/wp-json\/wp\/v2\/posts\/7193\/revisions"}],"predecessor-version":[{"id":7194,"href":"https:\/\/eterle.cz\/eshop\/wp-json\/wp\/v2\/posts\/7193\/revisions\/7194"}],"wp:featuredmedia":[{"embeddable":true,"href":"https:\/\/eterle.cz\/eshop\/wp-json\/wp\/v2\/media\/14919"}],"wp:attachment":[{"href":"https:\/\/eterle.cz\/eshop\/wp-json\/wp\/v2\/media?parent=7193"}],"wp:term":[{"taxonomy":"category","embeddable":true,"href":"https:\/\/eterle.cz\/eshop\/wp-json\/wp\/v2\/categories?post=7193"},{"taxonomy":"post_tag","embeddable":true,"href":"https:\/\/eterle.cz\/eshop\/wp-json\/wp\/v2\/tags?post=7193"}],"curies":[{"name":"wp","href":"https:\/\/api.w.org\/{rel}","templated":true}]}}