{"id":7195,"date":"2021-07-30T00:04:15","date_gmt":"2021-07-29T22:04:15","guid":{"rendered":"https:\/\/eterle.cz\/eshop\/?p=7195"},"modified":"2025-05-17T04:17:44","modified_gmt":"2025-05-17T02:17:44","slug":"kamenicky-senov","status":"publish","type":"post","link":"https:\/\/eterle.cz\/eshop\/historie-znacek\/kamenicky-senov\/","title":{"rendered":"Kamenick\u00fd \u0160enov"},"content":{"rendered":"<p>Kamenick\u00fd \u0160enov byl na konci prvn\u00ed poloviny 19. stolet\u00ed, proslaven\u00fdm skl\u00e1\u0159sk\u00fdm m\u011bstem (sousedn\u00ed Pr\u00e1chni u\u017e v roce 1724 pas\u00ed\u0159 Josef Palme z\u00edskal povolen\u00ed k v\u00fdrob\u011b lustr\u016f a t\u00edm se vlastn\u011b zapo\u010dala pr\u016fmyslov\u00e1 v\u00fdroba sv\u00edtidel v \u010cech\u00e1ch). Skl\u00e1\u0159i tu vyr\u00e1b\u011bli podivuhodn\u00e9 sklo, kter\u00e9 se vzhledem velmi podobalo p\u0159\u00edrodn\u00edmu horsk\u00e9mu k\u0159i\u0161\u0165\u00e1lu \u2013 \u0159\u00edkalo se mu \u010desk\u00fd k\u0159i\u0161\u0165\u00e1l. Mist\u0159i skl\u00e1\u0159i se ho postupn\u011b nau\u010dili le\u0161tit a brousit tak, \u017ee rozkl\u00e1dalo sv\u011btlo dosud zcela nev\u00eddan\u00fdm zp\u016fsobem, a tak za\u010dalo v podob\u011b mal\u00fdch v\u00fdlisk\u016f nach\u00e1zet uplatn\u011bn\u00ed na st\u00e1le v\u00edce vyhled\u00e1van\u00fdch sv\u00edtidlech a lustrech. O v\u011bhlas m\u011bsta se zaslou\u017eil i Elias Palme a jeho tov\u00e1rna, kter\u00e1 sv\u00edtidla vyr\u00e1b\u011bla do roku 1972. Nejvy\u0161\u0161\u00edm z\u00e1konem ve firm\u011b byla absolutn\u00ed kvalita. \u201eBudeme vyr\u00e1b\u011bt jen tolik, aby bylo mo\u017en\u00e9 ka\u017ed\u00fd v\u00fdrobek osobn\u011b prohl\u00e9dnout a zkontrolovat,\u201c. Pr\u00e1v\u011b v tom byl jeden ze z\u00e1klad\u016f rostouc\u00edho \u00fasp\u011bchu firmy. Dal\u0161\u00edmi byl origin\u00e1ln\u00ed design a modern\u00ed vybaven\u00ed. Tyto kvality p\u0159etrv\u00e1vaj\u00ed dodnes, i kdy\u017e m\u00edsto loga Elias Palme &amp;Co se na sv\u00edtidlech objevuje Preciosa Lighting.<\/p>\n","protected":false},"excerpt":{"rendered":"<p>Kamenick\u00fd \u0160enov byl na konci prvn\u00ed poloviny 19. stolet\u00ed, proslaven\u00fdm skl\u00e1\u0159sk\u00fdm m\u011bstem (sousedn\u00ed Pr\u00e1chni u\u017e v roce 1724 pas\u00ed\u0159 Josef<\/p>\n","protected":false},"author":2,"featured_media":17504,"comment_status":"closed","ping_status":"closed","sticky":false,"template":"","format":"standard","meta":{"footnotes":""},"categories":[85],"tags":[],"class_list":["post-7195","post","type-post","status-publish","format-standard","has-post-thumbnail","hentry","category-historie-znacek"],"_links":{"self":[{"href":"https:\/\/eterle.cz\/eshop\/wp-json\/wp\/v2\/posts\/7195","targetHints":{"allow":["GET"]}}],"collection":[{"href":"https:\/\/eterle.cz\/eshop\/wp-json\/wp\/v2\/posts"}],"about":[{"href":"https:\/\/eterle.cz\/eshop\/wp-json\/wp\/v2\/types\/post"}],"author":[{"embeddable":true,"href":"https:\/\/eterle.cz\/eshop\/wp-json\/wp\/v2\/users\/2"}],"replies":[{"embeddable":true,"href":"https:\/\/eterle.cz\/eshop\/wp-json\/wp\/v2\/comments?post=7195"}],"version-history":[{"count":1,"href":"https:\/\/eterle.cz\/eshop\/wp-json\/wp\/v2\/posts\/7195\/revisions"}],"predecessor-version":[{"id":7196,"href":"https:\/\/eterle.cz\/eshop\/wp-json\/wp\/v2\/posts\/7195\/revisions\/7196"}],"wp:featuredmedia":[{"embeddable":true,"href":"https:\/\/eterle.cz\/eshop\/wp-json\/wp\/v2\/media\/17504"}],"wp:attachment":[{"href":"https:\/\/eterle.cz\/eshop\/wp-json\/wp\/v2\/media?parent=7195"}],"wp:term":[{"taxonomy":"category","embeddable":true,"href":"https:\/\/eterle.cz\/eshop\/wp-json\/wp\/v2\/categories?post=7195"},{"taxonomy":"post_tag","embeddable":true,"href":"https:\/\/eterle.cz\/eshop\/wp-json\/wp\/v2\/tags?post=7195"}],"curies":[{"name":"wp","href":"https:\/\/api.w.org\/{rel}","templated":true}]}}